{"id":153,"date":"2023-09-19T21:51:43","date_gmt":"2023-09-19T19:51:43","guid":{"rendered":"https:\/\/www.prieresdumonde.com\/?p=153"},"modified":"2023-12-11T15:25:30","modified_gmt":"2023-12-11T14:25:30","slug":"les-ragas-envoutants-dumadevi","status":"publish","type":"post","link":"http:\/\/www.prieresdumonde.com\/en\/2023\/09\/19\/les-ragas-envoutants-dumadevi\/","title":{"rendered":"Les Ragas envoutants d&#8217;Umadevi"},"content":{"rendered":"\n<p>Umadevi Nageswara Rao vient de Chennai, Inde et chante et prie en Telugu, Tamil et Sanskrit. Sa voix, sa maitrise des ragas et de la musique carnatique donnent \u00e0 ses pri\u00e8res et louanges une dimension m\u00e9ditative hors du commun. Un visage et un sourire plein de douceur et de radiance, Umadevi incarne la devotion authentique et chante avec sinc\u00e9rit\u00e9 et profondeur. C\u2019est une chance incroyable de la recevoir pour cette premi\u00e8re \u00e9dition du Festival des Pri\u00e8res du Monde.<\/p>\n","protected":false},"excerpt":{"rendered":"<p>Umadevi Nageswara Rao vient de Chennai, Inde et chante et prie en Telugu, Tamil et Sanskrit. Sa voix, sa maitrise des ragas et de la musique carnatique donnent \u00e0 ses pri\u00e8res et louanges une dimension m\u00e9ditative hors du commun. Un visage et un sourire plein de douceur et de radiance, [&hellip;]<\/p>\n","protected":false},"author":1,"featured_media":154,"comment_status":"open","ping_status":"open","sticky":false,"template":"","format":"standard","meta":{"_acf_changed":false,"footnotes":"","jetpack_publicize_message":"","jetpack_publicize_feature_enabled":true,"jetpack_social_post_already_shared":true,"jetpack_social_options":{"image_generator_settings":{"template":"highway","enabled":false}}},"categories":[4],"tags":[],"class_list":["post-153","post","type-post","status-publish","format-standard","has-post-thumbnail","hentry","category-concert"],"translation":{"provider":"WPGlobus","version":"2.12.2","language":"en","enabled_languages":["fr","en"],"languages":{"fr":{"title":true,"content":true,"excerpt":false},"en":{"title":false,"content":false,"excerpt":false}}},"jetpack_publicize_connections":[],"acf":[],"yoast_head":"<!-- This site is optimized with the Yoast SEO plugin v22.2 - https:\/\/yoast.com\/wordpress\/plugins\/seo\/ -->\n<title>Les Ragas envoutants d&#039;Umadevi - World Prayer Festival<\/title>\n<meta name=\"robots\" content=\"index, follow, max-snippet:-1, max-image-preview:large, max-video-preview:-1\" \/>\n<link rel=\"canonical\" href=\"http:\/\/www.prieresdumonde.com\/2023\/09\/19\/les-ragas-envoutants-dumadevi\/\" \/>\n<meta property=\"og:locale\" content=\"en_US\" \/>\n<meta property=\"og:type\" content=\"article\" \/>\n<meta property=\"og:title\" content=\"Les Ragas envoutants d&#039;Umadevi - World Prayer Festival\" \/>\n<meta property=\"og:url\" content=\"http:\/\/www.prieresdumonde.com\/2023\/09\/19\/les-ragas-envoutants-dumadevi\/\" \/>\n<meta property=\"og:site_name\" content=\"World Prayer Festival\" \/>\n<meta property=\"article:publisher\" content=\"https:\/\/www.facebook.com\/spiritpopcom\" \/>\n<meta property=\"article:published_time\" content=\"2023-09-19T19:51:43+00:00\" \/>\n<meta property=\"article:modified_time\" content=\"2023-12-11T14:25:30+00:00\" \/>\n<meta property=\"og:image\" content=\"http:\/\/www.prieresdumonde.com\/wp-content\/uploads\/2023\/09\/umadevi-pdm.jpg\" \/>\n\t<meta property=\"og:image:width\" content=\"676\" \/>\n\t<meta property=\"og:image:height\" content=\"507\" \/>\n\t<meta property=\"og:image:type\" content=\"image\/jpeg\" \/>\n<meta name=\"author\" content=\"Prieres du Monde\" \/>\n<meta name=\"twitter:card\" content=\"summary_large_image\" \/>\n<meta name=\"twitter:label1\" content=\"Written by\" \/>\n\t<meta name=\"twitter:data1\" content=\"Prieres du Monde\" \/>\n\t<meta name=\"twitter:label2\" content=\"Est. reading time\" \/>\n\t<meta name=\"twitter:data2\" content=\"1 minute\" \/>\n<script type=\"application\/ld+json\" class=\"yoast-schema-graph\">{\"@context\":\"https:\/\/schema.org\",\"@graph\":[{\"@type\":\"Article\",\"@id\":\"http:\/\/www.prieresdumonde.com\/2023\/09\/19\/les-ragas-envoutants-dumadevi\/#article\",\"isPartOf\":{\"@id\":\"http:\/\/www.prieresdumonde.com\/2023\/09\/19\/les-ragas-envoutants-dumadevi\/\"},\"author\":{\"name\":\"Prieres du Monde\",\"@id\":\"https:\/\/www.prieresdumonde.com\/#\/schema\/person\/76ff3d3d6b7cf0fbecccd1eabee42f12\"},\"headline\":\"Les Ragas envoutants d&#8217;Umadevi\",\"datePublished\":\"2023-09-19T19:51:43+00:00\",\"dateModified\":\"2023-12-11T14:25:30+00:00\",\"mainEntityOfPage\":{\"@id\":\"http:\/\/www.prieresdumonde.com\/2023\/09\/19\/les-ragas-envoutants-dumadevi\/\"},\"wordCount\":87,\"commentCount\":0,\"publisher\":{\"@id\":\"https:\/\/www.prieresdumonde.com\/#organization\"},\"image\":{\"@id\":\"http:\/\/www.prieresdumonde.com\/2023\/09\/19\/les-ragas-envoutants-dumadevi\/#primaryimage\"},\"thumbnailUrl\":\"http:\/\/www.prieresdumonde.com\/wp-content\/uploads\/2023\/09\/umadevi-pdm.jpg\",\"articleSection\":[\"Concert\"],\"inLanguage\":\"en-US\",\"potentialAction\":[{\"@type\":\"CommentAction\",\"name\":\"Comment\",\"target\":[\"http:\/\/www.prieresdumonde.com\/2023\/09\/19\/les-ragas-envoutants-dumadevi\/#respond\"]}]},{\"@type\":\"WebPage\",\"@id\":\"http:\/\/www.prieresdumonde.com\/2023\/09\/19\/les-ragas-envoutants-dumadevi\/\",\"url\":\"http:\/\/www.prieresdumonde.com\/2023\/09\/19\/les-ragas-envoutants-dumadevi\/\",\"name\":\"Les Ragas envoutants d'Umadevi - World Prayer Festival\",\"isPartOf\":{\"@id\":\"https:\/\/www.prieresdumonde.com\/#website\"},\"primaryImageOfPage\":{\"@id\":\"http:\/\/www.prieresdumonde.com\/2023\/09\/19\/les-ragas-envoutants-dumadevi\/#primaryimage\"},\"image\":{\"@id\":\"http:\/\/www.prieresdumonde.com\/2023\/09\/19\/les-ragas-envoutants-dumadevi\/#primaryimage\"},\"thumbnailUrl\":\"http:\/\/www.prieresdumonde.com\/wp-content\/uploads\/2023\/09\/umadevi-pdm.jpg\",\"datePublished\":\"2023-09-19T19:51:43+00:00\",\"dateModified\":\"2023-12-11T14:25:30+00:00\",\"breadcrumb\":{\"@id\":\"http:\/\/www.prieresdumonde.com\/2023\/09\/19\/les-ragas-envoutants-dumadevi\/#breadcrumb\"},\"inLanguage\":\"en-US\",\"potentialAction\":[{\"@type\":\"ReadAction\",\"target\":[\"http:\/\/www.prieresdumonde.com\/2023\/09\/19\/les-ragas-envoutants-dumadevi\/\"]}]},{\"@type\":\"ImageObject\",\"inLanguage\":\"en-US\",\"@id\":\"http:\/\/www.prieresdumonde.com\/2023\/09\/19\/les-ragas-envoutants-dumadevi\/#primaryimage\",\"url\":\"http:\/\/www.prieresdumonde.com\/wp-content\/uploads\/2023\/09\/umadevi-pdm.jpg\",\"contentUrl\":\"http:\/\/www.prieresdumonde.com\/wp-content\/uploads\/2023\/09\/umadevi-pdm.jpg\",\"width\":676,\"height\":507},{\"@type\":\"BreadcrumbList\",\"@id\":\"http:\/\/www.prieresdumonde.com\/2023\/09\/19\/les-ragas-envoutants-dumadevi\/#breadcrumb\",\"itemListElement\":[{\"@type\":\"ListItem\",\"position\":1,\"name\":\"Accueil\",\"item\":\"https:\/\/www.prieresdumonde.com\/\"},{\"@type\":\"ListItem\",\"position\":2,\"name\":\"Les Ragas envoutants d&rsquo;Umadevi\"}]},{\"@type\":\"WebSite\",\"@id\":\"https:\/\/www.prieresdumonde.com\/#website\",\"url\":\"https:\/\/www.prieresdumonde.com\/\",\"name\":\"World Prayer Festival\",\"description\":\"A space of fervor that brings together all spiritualities in song, prayer, dance, meditation, healing circles and yoga\",\"publisher\":{\"@id\":\"https:\/\/www.prieresdumonde.com\/#organization\"},\"potentialAction\":[{\"@type\":\"SearchAction\",\"target\":{\"@type\":\"EntryPoint\",\"urlTemplate\":\"https:\/\/www.prieresdumonde.com\/?s={search_term_string}\"},\"query-input\":\"required name=search_term_string\"}],\"inLanguage\":\"en-US\"},{\"@type\":\"Organization\",\"@id\":\"https:\/\/www.prieresdumonde.com\/#organization\",\"name\":\"World Prayer Festival\",\"url\":\"https:\/\/www.prieresdumonde.com\/\",\"logo\":{\"@type\":\"ImageObject\",\"inLanguage\":\"en-US\",\"@id\":\"https:\/\/www.prieresdumonde.com\/#\/schema\/logo\/image\/\",\"url\":\"https:\/\/www.prieresdumonde.com\/wp-content\/uploads\/2023\/11\/new_prieresdumonde_social_og_image_300x300.png\",\"contentUrl\":\"https:\/\/www.prieresdumonde.com\/wp-content\/uploads\/2023\/11\/new_prieresdumonde_social_og_image_300x300.png\",\"width\":300,\"height\":300,\"caption\":\"World Prayer Festival\"},\"image\":{\"@id\":\"https:\/\/www.prieresdumonde.com\/#\/schema\/logo\/image\/\"},\"sameAs\":[\"https:\/\/www.facebook.com\/spiritpopcom\",\"https:\/\/www.instagram.com\/spiritpopcom\"]},{\"@type\":\"Person\",\"@id\":\"https:\/\/www.prieresdumonde.com\/#\/schema\/person\/76ff3d3d6b7cf0fbecccd1eabee42f12\",\"name\":\"Prieres du Monde\",\"image\":{\"@type\":\"ImageObject\",\"inLanguage\":\"en-US\",\"@id\":\"https:\/\/www.prieresdumonde.com\/#\/schema\/person\/image\/\",\"url\":\"https:\/\/secure.gravatar.com\/avatar\/52f7c134e3cf1806ed23a4d31ccf8087b512c5ad9dbd7a2ad7a48af72d7f364b?s=96&d=mm&r=g\",\"contentUrl\":\"https:\/\/secure.gravatar.com\/avatar\/52f7c134e3cf1806ed23a4d31ccf8087b512c5ad9dbd7a2ad7a48af72d7f364b?s=96&d=mm&r=g\",\"caption\":\"Prieres du Monde\"},\"sameAs\":[\"http:\/\/www.prieresdumonde.com\"],\"url\":\"http:\/\/www.prieresdumonde.com\/en\/author\/admin6508\/\"}]}<\/script>\n<!-- \/ Yoast SEO plugin. -->","yoast_head_json":{"title":"Les Ragas envoutants d'Umadevi - World Prayer Festival","robots":{"index":"index","follow":"follow","max-snippet":"max-snippet:-1","max-image-preview":"max-image-preview:large","max-video-preview":"max-video-preview:-1"},"canonical":"http:\/\/www.prieresdumonde.com\/2023\/09\/19\/les-ragas-envoutants-dumadevi\/","og_locale":"en_US","og_type":"article","og_title":"Les Ragas envoutants d'Umadevi - World Prayer Festival","og_url":"http:\/\/www.prieresdumonde.com\/2023\/09\/19\/les-ragas-envoutants-dumadevi\/","og_site_name":"World Prayer Festival","article_publisher":"https:\/\/www.facebook.com\/spiritpopcom","article_published_time":"2023-09-19T19:51:43+00:00","article_modified_time":"2023-12-11T14:25:30+00:00","og_image":[{"width":676,"height":507,"url":"http:\/\/www.prieresdumonde.com\/wp-content\/uploads\/2023\/09\/umadevi-pdm.jpg","type":"image\/jpeg"}],"author":"Prieres du Monde","twitter_card":"summary_large_image","twitter_misc":{"Written by":"Prieres du Monde","Est. reading time":"1 minute"},"schema":{"@context":"https:\/\/schema.org","@graph":[{"@type":"Article","@id":"http:\/\/www.prieresdumonde.com\/2023\/09\/19\/les-ragas-envoutants-dumadevi\/#article","isPartOf":{"@id":"http:\/\/www.prieresdumonde.com\/2023\/09\/19\/les-ragas-envoutants-dumadevi\/"},"author":{"name":"Prieres du Monde","@id":"https:\/\/www.prieresdumonde.com\/#\/schema\/person\/76ff3d3d6b7cf0fbecccd1eabee42f12"},"headline":"Les Ragas envoutants d&#8217;Umadevi","datePublished":"2023-09-19T19:51:43+00:00","dateModified":"2023-12-11T14:25:30+00:00","mainEntityOfPage":{"@id":"http:\/\/www.prieresdumonde.com\/2023\/09\/19\/les-ragas-envoutants-dumadevi\/"},"wordCount":87,"commentCount":0,"publisher":{"@id":"https:\/\/www.prieresdumonde.com\/#organization"},"image":{"@id":"http:\/\/www.prieresdumonde.com\/2023\/09\/19\/les-ragas-envoutants-dumadevi\/#primaryimage"},"thumbnailUrl":"http:\/\/www.prieresdumonde.com\/wp-content\/uploads\/2023\/09\/umadevi-pdm.jpg","articleSection":["Concert"],"inLanguage":"en-US","potentialAction":[{"@type":"CommentAction","name":"Comment","target":["http:\/\/www.prieresdumonde.com\/2023\/09\/19\/les-ragas-envoutants-dumadevi\/#respond"]}]},{"@type":"WebPage","@id":"http:\/\/www.prieresdumonde.com\/2023\/09\/19\/les-ragas-envoutants-dumadevi\/","url":"http:\/\/www.prieresdumonde.com\/2023\/09\/19\/les-ragas-envoutants-dumadevi\/","name":"Les Ragas envoutants d'Umadevi - World Prayer Festival","isPartOf":{"@id":"https:\/\/www.prieresdumonde.com\/#website"},"primaryImageOfPage":{"@id":"http:\/\/www.prieresdumonde.com\/2023\/09\/19\/les-ragas-envoutants-dumadevi\/#primaryimage"},"image":{"@id":"http:\/\/www.prieresdumonde.com\/2023\/09\/19\/les-ragas-envoutants-dumadevi\/#primaryimage"},"thumbnailUrl":"http:\/\/www.prieresdumonde.com\/wp-content\/uploads\/2023\/09\/umadevi-pdm.jpg","datePublished":"2023-09-19T19:51:43+00:00","dateModified":"2023-12-11T14:25:30+00:00","breadcrumb":{"@id":"http:\/\/www.prieresdumonde.com\/2023\/09\/19\/les-ragas-envoutants-dumadevi\/#breadcrumb"},"inLanguage":"en-US","potentialAction":[{"@type":"ReadAction","target":["http:\/\/www.prieresdumonde.com\/2023\/09\/19\/les-ragas-envoutants-dumadevi\/"]}]},{"@type":"ImageObject","inLanguage":"en-US","@id":"http:\/\/www.prieresdumonde.com\/2023\/09\/19\/les-ragas-envoutants-dumadevi\/#primaryimage","url":"http:\/\/www.prieresdumonde.com\/wp-content\/uploads\/2023\/09\/umadevi-pdm.jpg","contentUrl":"http:\/\/www.prieresdumonde.com\/wp-content\/uploads\/2023\/09\/umadevi-pdm.jpg","width":676,"height":507},{"@type":"BreadcrumbList","@id":"http:\/\/www.prieresdumonde.com\/2023\/09\/19\/les-ragas-envoutants-dumadevi\/#breadcrumb","itemListElement":[{"@type":"ListItem","position":1,"name":"Accueil","item":"https:\/\/www.prieresdumonde.com\/"},{"@type":"ListItem","position":2,"name":"Les Ragas envoutants d&rsquo;Umadevi"}]},{"@type":"WebSite","@id":"https:\/\/www.prieresdumonde.com\/#website","url":"https:\/\/www.prieresdumonde.com\/","name":"World Prayer Festival","description":"A space of fervor that brings together all spiritualities in song, prayer, dance, meditation, healing circles and yoga","publisher":{"@id":"https:\/\/www.prieresdumonde.com\/#organization"},"potentialAction":[{"@type":"SearchAction","target":{"@type":"EntryPoint","urlTemplate":"https:\/\/www.prieresdumonde.com\/?s={search_term_string}"},"query-input":"required name=search_term_string"}],"inLanguage":"en-US"},{"@type":"Organization","@id":"https:\/\/www.prieresdumonde.com\/#organization","name":"World Prayer Festival","url":"https:\/\/www.prieresdumonde.com\/","logo":{"@type":"ImageObject","inLanguage":"en-US","@id":"https:\/\/www.prieresdumonde.com\/#\/schema\/logo\/image\/","url":"https:\/\/www.prieresdumonde.com\/wp-content\/uploads\/2023\/11\/new_prieresdumonde_social_og_image_300x300.png","contentUrl":"https:\/\/www.prieresdumonde.com\/wp-content\/uploads\/2023\/11\/new_prieresdumonde_social_og_image_300x300.png","width":300,"height":300,"caption":"World Prayer Festival"},"image":{"@id":"https:\/\/www.prieresdumonde.com\/#\/schema\/logo\/image\/"},"sameAs":["https:\/\/www.facebook.com\/spiritpopcom","https:\/\/www.instagram.com\/spiritpopcom"]},{"@type":"Person","@id":"https:\/\/www.prieresdumonde.com\/#\/schema\/person\/76ff3d3d6b7cf0fbecccd1eabee42f12","name":"Prieres du Monde","image":{"@type":"ImageObject","inLanguage":"en-US","@id":"https:\/\/www.prieresdumonde.com\/#\/schema\/person\/image\/","url":"https:\/\/secure.gravatar.com\/avatar\/52f7c134e3cf1806ed23a4d31ccf8087b512c5ad9dbd7a2ad7a48af72d7f364b?s=96&d=mm&r=g","contentUrl":"https:\/\/secure.gravatar.com\/avatar\/52f7c134e3cf1806ed23a4d31ccf8087b512c5ad9dbd7a2ad7a48af72d7f364b?s=96&d=mm&r=g","caption":"Prieres du Monde"},"sameAs":["http:\/\/www.prieresdumonde.com"],"url":"http:\/\/www.prieresdumonde.com\/en\/author\/admin6508\/"}]}},"jetpack_sharing_enabled":true,"jetpack_featured_media_url":"http:\/\/www.prieresdumonde.com\/wp-content\/uploads\/2023\/09\/umadevi-pdm.jpg","_links":{"self":[{"href":"http:\/\/www.prieresdumonde.com\/en\/wp-json\/wp\/v2\/posts\/153","targetHints":{"allow":["GET"]}}],"collection":[{"href":"http:\/\/www.prieresdumonde.com\/en\/wp-json\/wp\/v2\/posts"}],"about":[{"href":"http:\/\/www.prieresdumonde.com\/en\/wp-json\/wp\/v2\/types\/post"}],"author":[{"embeddable":true,"href":"http:\/\/www.prieresdumonde.com\/en\/wp-json\/wp\/v2\/users\/1"}],"replies":[{"embeddable":true,"href":"http:\/\/www.prieresdumonde.com\/en\/wp-json\/wp\/v2\/comments?post=153"}],"version-history":[{"count":1,"href":"http:\/\/www.prieresdumonde.com\/en\/wp-json\/wp\/v2\/posts\/153\/revisions"}],"predecessor-version":[{"id":155,"href":"http:\/\/www.prieresdumonde.com\/en\/wp-json\/wp\/v2\/posts\/153\/revisions\/155"}],"wp:featuredmedia":[{"embeddable":true,"href":"http:\/\/www.prieresdumonde.com\/en\/wp-json\/wp\/v2\/media\/154"}],"wp:attachment":[{"href":"http:\/\/www.prieresdumonde.com\/en\/wp-json\/wp\/v2\/media?parent=153"}],"wp:term":[{"taxonomy":"category","embeddable":true,"href":"http:\/\/www.prieresdumonde.com\/en\/wp-json\/wp\/v2\/categories?post=153"},{"taxonomy":"post_tag","embeddable":true,"href":"http:\/\/www.prieresdumonde.com\/en\/wp-json\/wp\/v2\/tags?post=153"}],"curies":[{"name":"wp","href":"https:\/\/api.w.org\/{rel}","templated":true}]}}